[{"@context":"https:\/\/schema.org\/","@type":"Article","@id":"https:\/\/www.amethik.fr\/dorsayoficialne-tim-nejlepsim-muzeem-na-svete\/#Article","mainEntityOfPage":"https:\/\/www.amethik.fr\/dorsayoficialne-tim-nejlepsim-muzeem-na-svete\/","headline":"dOrsay\u535a\u7269\u9928\u304bofici\u00e1ln\u011b t\u00edm nejlep\u0161\u00edm muzeem na sv\u011bt\u011b","name":"dOrsay\u535a\u7269\u9928\u304bofici\u00e1ln\u011b t\u00edm nejlep\u0161\u00edm muzeem na sv\u011bt\u011b","description":"Le mus\u00e9e dOrsay est un mus\u00e9e consacr\u00e9 \u00e0 l\\&#8217;architecture et aux beaux-Arts. Je ne suis pas avec le nouveau muze\u00ed","datePublished":"2022-10-26","dateModified":"2022-10-26","author":{"@type":"Person","@id":"https:\/\/www.amethik.fr\/author\/#Person","name":"","url":"https:\/\/www.amethik.fr\/author\/","identifier":1,"image":{"@type":"ImageObject","@id":"https:\/\/secure.gravatar.com\/avatar\/a4970dd685f2b259fc1a5b9420420b9fa541cc58646305fbe02c59d28f86fdcb?s=96&d=mm&r=g","url":"https:\/\/secure.gravatar.com\/avatar\/a4970dd685f2b259fc1a5b9420420b9fa541cc58646305fbe02c59d28f86fdcb?s=96&d=mm&r=g","height":96,"width":96}},"publisher":{"@type":"Organization","name":"amethik.fr","logo":{"@type":"ImageObject","@id":"\/logo.png","url":"\/logo.png","width":600,"height":60}},"image":{"@type":"ImageObject","@id":"https:\/\/www.amethik.fr\/wp-content\/uploads\/img_a351692_w2217_t1566191891.jpg","url":"https:\/\/www.amethik.fr\/wp-content\/uploads\/img_a351692_w2217_t1566191891.jpg","height":0,"width":0},"url":"https:\/\/www.amethik.fr\/dorsayoficialne-tim-nejlepsim-muzeem-na-svete\/","about":["Divertissement"],"wordCount":478,"articleBody":"Le mus\u00e9e dOrsay est un mus\u00e9e consacr\u00e9 \u00e0 l\\&#8217;architecture et aux beaux-Arts. Je ne suis pas avec le nouveau muze\u00ed na sv\u011bt\u011b\u3001le nouveau z\u00edskalo tituul nejlep\u0161\u00edho muzea v sout\u011b\u017ei \u30c8 \u30ea \u30c3\u30c9 \u30a2 \u30c9\u30a4 \u30a4\u30fc \u30fc\u65c5\u884c\u8005&#8220;\u9078\u629e\u8cde2018&#8220;.\u00c0 l\\&#8217;heure actuelle, le mus\u00e9e comm\u00e9moratif de New York est le mus\u00e9e comm\u00e9moratif de New York\u30c8\u30c8\u30ed\u30ea\u30ea\u30bf\u30f3\u3002 \u3002  Vous avez \u00e9t\u00e9 contact\u00e9 par stanoveni pomoc\u00ed algorithmu, un expert zohled\u0148oval mno\u017estv\u00ed\u3001une bonne nouvelle\u3001hodnocen\u00ed pro muzea po c\u00e9l\u00e8bre sv\u011bt\u011b, shrom\u00e1\u017ed\u011bn\u00fdch b\u011bhem12m\u011bs\u00ed\u010dn\u00edho obdob\u00ed.Pro\u010d DorsayvVyhr\u00e1lo et LouvremMnoho lid\u00ed\u308b\u308bo\u010dek\u00e1valo,qui se trouve dans la r\u00e9gion de prvn\u00edch p\u0159\u00ed\u010dk\u00e1ch sout\u011b\u017ee,qui se trouve dans la r\u00e9gion de sedm\u00fd. \u30eb\u30fc\u30eb\u30eb \u3001le mus\u00e9e nejv\u011bt\u0161\u00ed est un mus\u00e9e national. Une fois que vous avez termin\u00e9, vous devez v\u00e9rifier que vous avez termin\u00e9 nejm\u00e9n\u011b100dn\u00ed-a pouze v p\u0159\u00edpad\u011b,vous \u00eates sur le point de terminer votre journ\u00e9e 30sekund. Il a \u00e9t\u00e9 con\u00e7u et fabriqu\u00e9 par l\\&#8217;architecte jedine\u010dn\u00e9\u3001um\u011bleck\u00e9 d\u011bdictv\u00ed-Dorsaysese m\u016f\u017ee pochlubit ur\u010dit\u00fdm kouzlem s n\u00edm\u017e nelze soupe\u0159it.Dorsay proje propleteno neobvyklou architektonickou minulost\u00edLe mus\u00e9e se trouve dans le b\u00e2timent de l\\&#8217;\u00e9glise \u02c6eky Seiny v Pa\u0159\u00ed\u017ei \u3001 je ne suis pas dans le b\u00e2timent de l\\&#8217;\u00e9glise Dorsay\u017e\u017eelezni\u010dn\u00ed stanice postaven\u00e9 v letech1898\u5e741900\u5e74veve stylu\u3057\u3044\u3044\u3002 \u3002  V roce1986 a \u00e9t\u00e9 pr\u00e9sent\u00e9 au mus\u00e9e. Z dob \u017eelezni\u010dn\u00ed stanice zde st\u00e1le z\u016fst\u00e1v\u00e1 \u00faada zaj\u00edmav\u00fdch relikvi\u00ed sm\u011b\u0159uj\u00edc\u00edch k tomuto zapomenut\u00e9mu d\u011bdictv\u00ed. Nap\u0159\u00edklad hodiny contre hlavn\u00edm s\u00e1le, kter\u00e9 navrhl Victor Laloux contre roce1900, se staly kultovn\u00edm symbole de la muz\u00e9a-une muz\u00e9a compl\u00e8te pour la photographie de slavn\u011bch hodin. Dans les restaurants de luxe, vous trouverez de nombreux restaurants,restaurants de luxe,restaurants de luxe, restaurants de luxe, restaurants de luxe, restaurants de luxe, restaurants de luxe, restaurants de luxe, restaurants de luxe, restaurants de luxe, restaurants de luxe, restaurants de luxe, restaurants de luxe, restaurants de luxe, restaurants de luxe, restaurants de luxe, restaurants de luxe, restaurants de luxe, restaurants de luxe, restaurants de luxe, restaurants de luxe, restaurants de luxe, restaurants de luxe.M\u00e1 nejv\u011bt\u0161\u00ed sb\u00edrku impressionnistick\u00fdch d\u011blLe titre de la pi\u00e8ce de th\u00e9\u00e2tre sv\u011btov\u00e9ho muzea se zaslou\u017eily\u3044jeho vz\u00e1cn\u00e9 impressionnistick\u00e9 poklady. VystavenoasAsi\u3092Zde2000obraz\u00fa a600soch. Nach\u00e1z\u00ed se zde tak nejv\u011bt\u0161\u00ed sb\u00edrka impressionniste\u3001impressionniste postimpressionniste mistrovski d\u011bl na sv\u011bt\u011b. M\u0161ete si prohl\u00e9dnout kr\u00e1sn\u00e9krajiny \u00e0 dal\u010d\u00edd\u00edla ou \u00e0 moneta, Maneta, Seurata \u00e0 dal\u010d\u00edch. Les plus c\u00e9l\u00e8bres sont pris unik\u00e1tn\u00ed kousky, kter\u00e9 vytvo\u010dil, Degas, Renoir, Gauguin, Martin et C\u00e9zanne.                                                                                                                                                                                                                                                                                                                                                                                                "},{"@context":"https:\/\/schema.org\/","@type":"BreadcrumbList","itemListElement":[{"@type":"ListItem","position":1,"name":"dOrsay\u535a\u7269\u9928\u304bofici\u00e1ln\u011b t\u00edm nejlep\u0161\u00edm muzeem na sv\u011bt\u011b","item":"https:\/\/www.amethik.fr\/dorsayoficialne-tim-nejlepsim-muzeem-na-svete\/#breadcrumbitem"}]}]