[{"@context":"https:\/\/schema.org\/","@type":"Article","@id":"https:\/\/www.amethik.fr\/famille-tcheque\/#Article","mainEntityOfPage":"https:\/\/www.amethik.fr\/famille-tcheque\/","headline":"Famille tch\u00e8que","name":"Famille tch\u00e8que","description":"Vous occupez-vous aussi de votre famille ou pas du tout ? De nombreuses personnes ont un tel foyer mais ne","datePublished":"2024-08-19","dateModified":"2024-08-19","author":{"@type":"Person","@id":"https:\/\/www.amethik.fr\/author\/#Person","name":"","url":"https:\/\/www.amethik.fr\/author\/","identifier":1,"image":{"@type":"ImageObject","@id":"https:\/\/secure.gravatar.com\/avatar\/a4970dd685f2b259fc1a5b9420420b9fa541cc58646305fbe02c59d28f86fdcb?s=96&d=mm&r=g","url":"https:\/\/secure.gravatar.com\/avatar\/a4970dd685f2b259fc1a5b9420420b9fa541cc58646305fbe02c59d28f86fdcb?s=96&d=mm&r=g","height":96,"width":96}},"publisher":{"@type":"Organization","name":"amethik.fr","logo":{"@type":"ImageObject","@id":"\/logo.png","url":"\/logo.png","width":600,"height":60}},"image":{"@type":"ImageObject","@id":"https:\/\/www.amethik.fr\/wp-content\/uploads\/laundry-272429_1280_1.jpg","url":"https:\/\/www.amethik.fr\/wp-content\/uploads\/laundry-272429_1280_1.jpg","height":0,"width":0},"url":"https:\/\/www.amethik.fr\/famille-tcheque\/","about":["Maison"],"wordCount":384,"articleBody":"Vous occupez-vous aussi de votre famille ou pas du tout ? De nombreuses personnes ont un tel foyer mais ne s\\&#8217;occupent pas du tout des t\u00e2ches m\u00e9nag\u00e8res, ce qui devrait \u00eatre le cas d\\&#8217;un foyer. Bien s\u00fbr, il n\\&#8217;y a pas de r\u00e8gles ou d\\&#8217;enseignements sur la fa\u00e7on dont un foyer devrait \u00eatre g\u00e9r\u00e9, mais vous savez, par exemple, qu\\&#8217;il y a 100 ans, il y avait g\u00e9n\u00e9ralement des manuels sur la fa\u00e7on dont les femmes devaient g\u00e9rer un foyer. Et \u00e0 cette \u00e9poque, seules les femmes \u00e9taient charg\u00e9es de s\\&#8217;occuper du m\u00e9nage. Lorsqu\\&#8217;un homme rentrait du travail, la femme \u00e9tait cens\u00e9e lui peigner la moustache, lui enlever son manteau, lui donner \u00e0 manger et ne rien dire. C\\&#8217;est de l\\&#8217;exploitation et je n\\&#8217;aime absolument pas ce manuel vieux de 100 ans.  \u00c0 mon avis, c\\&#8217;est vraiment stupide. Mais malheureusement c\\&#8217;est comme \u00e7a, je ne peux pas imaginer que ce soit d\u00e9j\u00e0 pratiqu\u00e9 aujourd\\&#8217;hui au 21\u00e8me si\u00e8cle. Ce serait vraiment terrible, \u00e0 mon avis. [Je ne comprends pas du tout comment c\\&#8217;est possible, mais j\\&#8217;ai aussi appris que personne n\\&#8217;avait protest\u00e9, donc je suppose que les femmes s\\&#8217;en fichaient. D\\&#8217;apr\u00e8s ma grand-m\u00e8re, sa m\u00e8re (en fait mon arri\u00e8re-grand-m\u00e8re) \u00e9tait dans le m\u00eame cas. Ma grand-m\u00e8re devait s\\&#8217;occuper de son mari et ne pouvait pas aller travailler. Son mari lui interdisait \u00e9galement de faire beaucoup de choses, et mon arri\u00e8re-grand-m\u00e8re ne s\\&#8217;occupait que des t\u00e2ches m\u00e9nag\u00e8res.  Mon arri\u00e8re-grand-m\u00e8re disait que sa premi\u00e8re priorit\u00e9 \u00e9tait de faire le m\u00e9nage et ensuite d\\&#8217;\u00e9lever ses deux enfants. Je trouve cela tr\u00e8s triste. Je ne pense pas que les femmes d\\&#8217;aujourd\\&#8217;hui supporteraient cela. Les femmes d\\&#8217;aujourd\\&#8217;hui sont vraiment lib\u00e9r\u00e9es et j\\&#8217;aime cela. Je pense qu\\&#8217;il est tr\u00e8s important d\\&#8217;autonomiser les femmes. Et pour s\\&#8217;assurer que l\\&#8217;exploitation ne se r\u00e9p\u00e8te pas. Mais pour \u00eatre honn\u00eate, j\\&#8217;aime faire le m\u00e9nage et cuisiner. Je cuisine mexicain, italien et parfois portugais. Parfois, je cuisine aussi des plats tch\u00e8ques.                                                                                                                                                                                                                                                                                                                                                                                                "},{"@context":"https:\/\/schema.org\/","@type":"BreadcrumbList","itemListElement":[{"@type":"ListItem","position":1,"name":"Famille tch\u00e8que","item":"https:\/\/www.amethik.fr\/famille-tcheque\/#breadcrumbitem"}]}]