{"@context":"https:\/\/schema.org\/","@type":"CollectionPage","@id":"https:\/\/www.amethik.fr\/maison\/#CollectionPage","headline":"Maison Category","description":"","url":"https:\/\/www.amethik.fr\/maison\/","hasPart":[{"@type":"Article","@id":"https:\/\/www.amethik.fr\/famille-tcheque\/","headline":"Famille tch\u00e8que","url":"https:\/\/www.amethik.fr\/famille-tcheque\/","datePublished":"2024-08-19","dateModified":"2024-08-19","mainEntityOfPage":"https:\/\/www.amethik.fr\/famille-tcheque\/","author":{"@type":"Person","@id":"https:\/\/www.amethik.fr\/author\/#Person","name":"","url":"https:\/\/www.amethik.fr\/author\/","identifier":1,"image":{"@type":"ImageObject","@id":"https:\/\/secure.gravatar.com\/avatar\/a4970dd685f2b259fc1a5b9420420b9fa541cc58646305fbe02c59d28f86fdcb?s=96&d=mm&r=g","url":"https:\/\/secure.gravatar.com\/avatar\/a4970dd685f2b259fc1a5b9420420b9fa541cc58646305fbe02c59d28f86fdcb?s=96&d=mm&r=g","height":96,"width":96}},"publisher":{"@type":"Organization","name":"amethik.fr","logo":{"@type":"ImageObject","@id":"\/logo.png","url":"\/logo.png","width":600,"height":60}},"image":{"@type":"ImageObject","@id":"https:\/\/www.amethik.fr\/wp-content\/uploads\/laundry-272429_1280_1.jpg","url":"https:\/\/www.amethik.fr\/wp-content\/uploads\/laundry-272429_1280_1.jpg","height":0,"width":0},"keywords":null},{"@type":"Article","@id":"https:\/\/www.amethik.fr\/laisser-les-taches-menageres-aux-enfants\/","headline":"Laisser les t\u00e2ches m\u00e9nag\u00e8res aux enfants","url":"https:\/\/www.amethik.fr\/laisser-les-taches-menageres-aux-enfants\/","datePublished":"2024-06-30","dateModified":"2024-06-30","mainEntityOfPage":"https:\/\/www.amethik.fr\/laisser-les-taches-menageres-aux-enfants\/","author":{"@type":"Person","@id":"https:\/\/www.amethik.fr\/author\/#Person","name":"","url":"https:\/\/www.amethik.fr\/author\/","identifier":1,"image":{"@type":"ImageObject","@id":"https:\/\/secure.gravatar.com\/avatar\/a4970dd685f2b259fc1a5b9420420b9fa541cc58646305fbe02c59d28f86fdcb?s=96&d=mm&r=g","url":"https:\/\/secure.gravatar.com\/avatar\/a4970dd685f2b259fc1a5b9420420b9fa541cc58646305fbe02c59d28f86fdcb?s=96&d=mm&r=g","height":96,"width":96}},"publisher":{"@type":"Organization","name":"amethik.fr","logo":{"@type":"ImageObject","@id":"\/logo.png","url":"\/logo.png","width":600,"height":60}},"image":null,"keywords":null},{"@type":"Article","@id":"https:\/\/www.amethik.fr\/quelques-etapes-pour-une-maison-propre\/","headline":"Quelques \u00e9tapes pour une maison propre","url":"https:\/\/www.amethik.fr\/quelques-etapes-pour-une-maison-propre\/","datePublished":"2024-04-05","dateModified":"2024-04-05","mainEntityOfPage":"https:\/\/www.amethik.fr\/quelques-etapes-pour-une-maison-propre\/","author":{"@type":"Person","@id":"https:\/\/www.amethik.fr\/author\/#Person","name":"","url":"https:\/\/www.amethik.fr\/author\/","identifier":1,"image":{"@type":"ImageObject","@id":"https:\/\/secure.gravatar.com\/avatar\/a4970dd685f2b259fc1a5b9420420b9fa541cc58646305fbe02c59d28f86fdcb?s=96&d=mm&r=g","url":"https:\/\/secure.gravatar.com\/avatar\/a4970dd685f2b259fc1a5b9420420b9fa541cc58646305fbe02c59d28f86fdcb?s=96&d=mm&r=g","height":96,"width":96}},"publisher":{"@type":"Organization","name":"amethik.fr","logo":{"@type":"ImageObject","@id":"\/logo.png","url":"\/logo.png","width":600,"height":60}},"image":{"@type":"ImageObject","@id":"https:\/\/www.amethik.fr\/wp-content\/uploads\/servis_2.jpg","url":"https:\/\/www.amethik.fr\/wp-content\/uploads\/servis_2.jpg","height":0,"width":0},"keywords":null},{"@type":"Article","@id":"https:\/\/www.amethik.fr\/nettoyer-intelligemment\/","headline":"Nettoyer intelligemment","url":"https:\/\/www.amethik.fr\/nettoyer-intelligemment\/","datePublished":"2024-02-16","dateModified":"2024-02-16","mainEntityOfPage":"https:\/\/www.amethik.fr\/nettoyer-intelligemment\/","author":{"@type":"Person","@id":"https:\/\/www.amethik.fr\/author\/#Person","name":"","url":"https:\/\/www.amethik.fr\/author\/","identifier":1,"image":{"@type":"ImageObject","@id":"https:\/\/secure.gravatar.com\/avatar\/a4970dd685f2b259fc1a5b9420420b9fa541cc58646305fbe02c59d28f86fdcb?s=96&d=mm&r=g","url":"https:\/\/secure.gravatar.com\/avatar\/a4970dd685f2b259fc1a5b9420420b9fa541cc58646305fbe02c59d28f86fdcb?s=96&d=mm&r=g","height":96,"width":96}},"publisher":{"@type":"Organization","name":"amethik.fr","logo":{"@type":"ImageObject","@id":"\/logo.png","url":"\/logo.png","width":600,"height":60}},"image":{"@type":"ImageObject","@id":"https:\/\/www.amethik.fr\/wp-content\/uploads\/cleaning-bucket-1290951_640_10_10_10_10_1.jpg","url":"https:\/\/www.amethik.fr\/wp-content\/uploads\/cleaning-bucket-1290951_640_10_10_10_10_1.jpg","height":0,"width":0},"keywords":null},{"@type":"Article","@id":"https:\/\/www.amethik.fr\/radost-a-la-maison\/","headline":"Radost \u00e0 la maison","url":"https:\/\/www.amethik.fr\/radost-a-la-maison\/","datePublished":"2023-11-29","dateModified":"2023-11-29","mainEntityOfPage":"https:\/\/www.amethik.fr\/radost-a-la-maison\/","author":{"@type":"Person","@id":"https:\/\/www.amethik.fr\/author\/#Person","name":"","url":"https:\/\/www.amethik.fr\/author\/","identifier":1,"image":{"@type":"ImageObject","@id":"https:\/\/secure.gravatar.com\/avatar\/a4970dd685f2b259fc1a5b9420420b9fa541cc58646305fbe02c59d28f86fdcb?s=96&d=mm&r=g","url":"https:\/\/secure.gravatar.com\/avatar\/a4970dd685f2b259fc1a5b9420420b9fa541cc58646305fbe02c59d28f86fdcb?s=96&d=mm&r=g","height":96,"width":96}},"publisher":{"@type":"Organization","name":"amethik.fr","logo":{"@type":"ImageObject","@id":"\/logo.png","url":"\/logo.png","width":600,"height":60}},"image":{"@type":"ImageObject","@id":"https:\/\/www.amethik.fr\/wp-content\/uploads\/n%C3%A1jem_5.jpg","url":"https:\/\/www.amethik.fr\/wp-content\/uploads\/n%C3%A1jem_5.jpg","height":0,"width":0},"keywords":null},{"@type":"Article","@id":"https:\/\/www.amethik.fr\/pourquoi-un-nettoyage-regulier-de-la-maison-est-essentiel\/","headline":"Pourquoi un nettoyage r\u00e9gulier de la maison est essentiel","url":"https:\/\/www.amethik.fr\/pourquoi-un-nettoyage-regulier-de-la-maison-est-essentiel\/","datePublished":"2023-11-22","dateModified":"2023-11-22","mainEntityOfPage":"https:\/\/www.amethik.fr\/pourquoi-un-nettoyage-regulier-de-la-maison-est-essentiel\/","author":{"@type":"Person","@id":"https:\/\/www.amethik.fr\/author\/#Person","name":"","url":"https:\/\/www.amethik.fr\/author\/","identifier":1,"image":{"@type":"ImageObject","@id":"https:\/\/secure.gravatar.com\/avatar\/a4970dd685f2b259fc1a5b9420420b9fa541cc58646305fbe02c59d28f86fdcb?s=96&d=mm&r=g","url":"https:\/\/secure.gravatar.com\/avatar\/a4970dd685f2b259fc1a5b9420420b9fa541cc58646305fbe02c59d28f86fdcb?s=96&d=mm&r=g","height":96,"width":96}},"publisher":{"@type":"Organization","name":"amethik.fr","logo":{"@type":"ImageObject","@id":"\/logo.png","url":"\/logo.png","width":600,"height":60}},"image":null,"keywords":null},{"@type":"Article","@id":"https:\/\/www.amethik.fr\/pece-sur-la-domacnost\/","headline":"P\u00e9\u010de sur la dom\u00e1cnost","url":"https:\/\/www.amethik.fr\/pece-sur-la-domacnost\/","datePublished":"2023-09-27","dateModified":"2023-09-27","mainEntityOfPage":"https:\/\/www.amethik.fr\/pece-sur-la-domacnost\/","author":{"@type":"Person","@id":"https:\/\/www.amethik.fr\/author\/#Person","name":"","url":"https:\/\/www.amethik.fr\/author\/","identifier":1,"image":{"@type":"ImageObject","@id":"https:\/\/secure.gravatar.com\/avatar\/a4970dd685f2b259fc1a5b9420420b9fa541cc58646305fbe02c59d28f86fdcb?s=96&d=mm&r=g","url":"https:\/\/secure.gravatar.com\/avatar\/a4970dd685f2b259fc1a5b9420420b9fa541cc58646305fbe02c59d28f86fdcb?s=96&d=mm&r=g","height":96,"width":96}},"publisher":{"@type":"Organization","name":"amethik.fr","logo":{"@type":"ImageObject","@id":"\/logo.png","url":"\/logo.png","width":600,"height":60}},"image":{"@type":"ImageObject","@id":"https:\/\/www.amethik.fr\/wp-content\/uploads\/kitchen-2165756_640_10_10_5.jpg","url":"https:\/\/www.amethik.fr\/wp-content\/uploads\/kitchen-2165756_640_10_10_5.jpg","height":0,"width":0},"keywords":null},{"@type":"Article","@id":"https:\/\/www.amethik.fr\/vareni-dela-neporadek\/","headline":"Va\u0159\u00e9n\u00ed d\u011bl\u00e1 n\u00e9po\u0159\u00e1dek","url":"https:\/\/www.amethik.fr\/vareni-dela-neporadek\/","datePublished":"2023-06-29","dateModified":"2023-06-29","mainEntityOfPage":"https:\/\/www.amethik.fr\/vareni-dela-neporadek\/","author":{"@type":"Person","@id":"https:\/\/www.amethik.fr\/author\/#Person","name":"","url":"https:\/\/www.amethik.fr\/author\/","identifier":1,"image":{"@type":"ImageObject","@id":"https:\/\/secure.gravatar.com\/avatar\/a4970dd685f2b259fc1a5b9420420b9fa541cc58646305fbe02c59d28f86fdcb?s=96&d=mm&r=g","url":"https:\/\/secure.gravatar.com\/avatar\/a4970dd685f2b259fc1a5b9420420b9fa541cc58646305fbe02c59d28f86fdcb?s=96&d=mm&r=g","height":96,"width":96}},"publisher":{"@type":"Organization","name":"amethik.fr","logo":{"@type":"ImageObject","@id":"\/logo.png","url":"\/logo.png","width":600,"height":60}},"image":{"@type":"ImageObject","@id":"https:\/\/www.amethik.fr\/wp-content\/uploads\/home-1622401_640_10_9.jpg","url":"https:\/\/www.amethik.fr\/wp-content\/uploads\/home-1622401_640_10_9.jpg","height":0,"width":0},"keywords":null},{"@type":"Article","@id":"https:\/\/www.amethik.fr\/les-taches-menageres-sont-mieux-partagees\/","headline":"Les t\u00e2ches m\u00e9nag\u00e8res sont mieux partag\u00e9es","url":"https:\/\/www.amethik.fr\/les-taches-menageres-sont-mieux-partagees\/","datePublished":"2023-03-11","dateModified":"2023-03-11","mainEntityOfPage":"https:\/\/www.amethik.fr\/les-taches-menageres-sont-mieux-partagees\/","author":{"@type":"Person","@id":"https:\/\/www.amethik.fr\/author\/#Person","name":"","url":"https:\/\/www.amethik.fr\/author\/","identifier":1,"image":{"@type":"ImageObject","@id":"https:\/\/secure.gravatar.com\/avatar\/a4970dd685f2b259fc1a5b9420420b9fa541cc58646305fbe02c59d28f86fdcb?s=96&d=mm&r=g","url":"https:\/\/secure.gravatar.com\/avatar\/a4970dd685f2b259fc1a5b9420420b9fa541cc58646305fbe02c59d28f86fdcb?s=96&d=mm&r=g","height":96,"width":96}},"publisher":{"@type":"Organization","name":"amethik.fr","logo":{"@type":"ImageObject","@id":"\/logo.png","url":"\/logo.png","width":600,"height":60}},"image":{"@type":"ImageObject","@id":"https:\/\/www.amethik.fr\/wp-content\/uploads\/uklid2_4.jpg","url":"https:\/\/www.amethik.fr\/wp-content\/uploads\/uklid2_4.jpg","height":0,"width":0},"keywords":null},{"@type":"Article","@id":"https:\/\/www.amethik.fr\/une-maison-bien-rangee\/","headline":"Une maison bien rang\u00e9e","url":"https:\/\/www.amethik.fr\/une-maison-bien-rangee\/","datePublished":"2023-01-11","dateModified":"2023-01-11","mainEntityOfPage":"https:\/\/www.amethik.fr\/une-maison-bien-rangee\/","author":{"@type":"Person","@id":"https:\/\/www.amethik.fr\/author\/#Person","name":"","url":"https:\/\/www.amethik.fr\/author\/","identifier":1,"image":{"@type":"ImageObject","@id":"https:\/\/secure.gravatar.com\/avatar\/a4970dd685f2b259fc1a5b9420420b9fa541cc58646305fbe02c59d28f86fdcb?s=96&d=mm&r=g","url":"https:\/\/secure.gravatar.com\/avatar\/a4970dd685f2b259fc1a5b9420420b9fa541cc58646305fbe02c59d28f86fdcb?s=96&d=mm&r=g","height":96,"width":96}},"publisher":{"@type":"Organization","name":"amethik.fr","logo":{"@type":"ImageObject","@id":"\/logo.png","url":"\/logo.png","width":600,"height":60}},"image":{"@type":"ImageObject","@id":"https:\/\/www.amethik.fr\/wp-content\/uploads\/gloves-4017614_1280_1.jpg","url":"https:\/\/www.amethik.fr\/wp-content\/uploads\/gloves-4017614_1280_1.jpg","height":0,"width":0},"keywords":null}]}